{"id":1773,"date":"2024-11-01T03:20:30","date_gmt":"2024-11-01T01:20:30","guid":{"rendered":"https:\/\/iil.ee\/?p=1773"},"modified":"2025-06-09T05:44:25","modified_gmt":"2025-06-09T02:44:25","slug":"swamp-plans-for-routes-in-viimsi-region-of-harju-county-from-01-november-2024","status":"publish","type":"post","link":"https:\/\/iil.ee\/en\/soiduplaanid\/harju-maakonna-viimsi-piirkonna-liinide-soiduplaanid-alates-01-novembrist-2024","title":{"rendered":"Timetables for routes in Viimsi region of Harju county from 01 November 2024 onwards"},"content":{"rendered":"<p>As of 01.11.2024, the departure times and speeds of county lines 114, 115 and 174 serving Viimsi will change. In addition, from 01 November, all lines departing from the Baltic Station and running along Mere puiestee (102, 114, 115, 173, 174) will stop at Mere puiestee.<\/p>\n<p><strong>Modification of the Tammneeme departure of line 115<\/strong>, which will be at the Tammneeme Centre terminus on today's square. The Tammneeme keskus stop on the Tammneeme road in the direction to Tallinn will only be used by internal buses and will no longer be a stop for the regional bus 115.<\/p>\n<p><img loading=\"lazy\" decoding=\"async\" class=\"alignnone wp-image-1775 size-full\" src=\"https:\/\/iil.ee\/wp-content\/uploads\/2025\/06\/skeem-115-Mere-pst.png\" alt=\"\" width=\"1250\" height=\"883\" srcset=\"https:\/\/iil.ee\/wp-content\/uploads\/2025\/06\/skeem-115-Mere-pst.png 1250w, https:\/\/iil.ee\/wp-content\/uploads\/2025\/06\/skeem-115-Mere-pst-300x212.png 300w, https:\/\/iil.ee\/wp-content\/uploads\/2025\/06\/skeem-115-Mere-pst-1024x723.png 1024w, https:\/\/iil.ee\/wp-content\/uploads\/2025\/06\/skeem-115-Mere-pst-768x543.png 768w, https:\/\/iil.ee\/wp-content\/uploads\/2025\/06\/skeem-115-Mere-pst-18x12.png 18w\" sizes=\"auto, (max-width: 1250px) 100vw, 1250px\" \/><\/p>\n<p align=\"left\">All timetables are available\u00a0<a href=\"http:\/\/www.peatus.ee\/\">www.peatus.ee<\/a><\/p>","protected":false},"excerpt":{"rendered":"<p>Alates 01.11.2024 muutuvad Viimsit teenindavate maakonnaliinide 114, 115 ja 174 v\u00e4ljumisajad ja liikumiskiirused. Lisaks hakkavad alates 01. novembrist k\u00f5ik Balti jaamast v\u00e4ljuvad ja m\u00f6\u00f6da Mere puiesteed s\u00f5itvad liinid ( 102, 114, 115, 173, 174) peatuma peatuses Mere puiestee. Muutub liini 115 Tammneeme algpeatus, mis hakkab olema t\u00e4nases platsil olevas l\u00f5pp-peatuses Tammneeme keskus. Suunaga Tallinnasse Tammneeme [&hellip;]<\/p>\n","protected":false},"author":4,"featured_media":1689,"comment_status":"open","ping_status":"closed","sticky":false,"template":"","format":"standard","meta":{"_acf_changed":false,"footnotes":""},"categories":[2],"tags":[20],"class_list":["post-1773","post","type-post","status-publish","format-standard","has-post-thumbnail","hentry","category-soiduplaanid","tag-harjumaa-pohjasuund"],"acf":[],"publishpress_future_action":{"enabled":false,"date":"2026-05-09 05:02:17","action":"change-status","newStatus":"draft","terms":[],"taxonomy":"category","extraData":[]},"publishpress_future_workflow_manual_trigger":{"enabledWorkflows":[]},"_links":{"self":[{"href":"https:\/\/iil.ee\/en\/wp-json\/wp\/v2\/posts\/1773","targetHints":{"allow":["GET"]}}],"collection":[{"href":"https:\/\/iil.ee\/en\/wp-json\/wp\/v2\/posts"}],"about":[{"href":"https:\/\/iil.ee\/en\/wp-json\/wp\/v2\/types\/post"}],"author":[{"embeddable":true,"href":"https:\/\/iil.ee\/en\/wp-json\/wp\/v2\/users\/4"}],"replies":[{"embeddable":true,"href":"https:\/\/iil.ee\/en\/wp-json\/wp\/v2\/comments?post=1773"}],"version-history":[{"count":6,"href":"https:\/\/iil.ee\/en\/wp-json\/wp\/v2\/posts\/1773\/revisions"}],"predecessor-version":[{"id":1803,"href":"https:\/\/iil.ee\/en\/wp-json\/wp\/v2\/posts\/1773\/revisions\/1803"}],"wp:featuredmedia":[{"embeddable":true,"href":"https:\/\/iil.ee\/en\/wp-json\/wp\/v2\/media\/1689"}],"wp:attachment":[{"href":"https:\/\/iil.ee\/en\/wp-json\/wp\/v2\/media?parent=1773"}],"wp:term":[{"taxonomy":"category","embeddable":true,"href":"https:\/\/iil.ee\/en\/wp-json\/wp\/v2\/categories?post=1773"},{"taxonomy":"post_tag","embeddable":true,"href":"https:\/\/iil.ee\/en\/wp-json\/wp\/v2\/tags?post=1773"}],"curies":[{"name":"wp","href":"https:\/\/api.w.org\/{rel}","templated":true}]}}