{"id":2385,"date":"2025-07-16T12:04:02","date_gmt":"2025-07-16T09:04:02","guid":{"rendered":"https:\/\/iil.ee\/?p=2385"},"modified":"2025-08-12T12:26:55","modified_gmt":"2025-08-12T09:26:55","slug":"baltijaam","status":"publish","type":"post","link":"https:\/\/iil.ee\/en\/soiduplaanid\/baltijaam","title":{"rendered":"Changes to Harjumaa west and south-west routes from 1 August"},"content":{"rendered":"<p>From <strong><span style=\"color: #007eff;\">from 1 August<\/span><\/strong> change the routes of the West and South-West lines in Tallinn, in the area of the Baltic station.<\/p>\n<p>&nbsp;<\/p>\n<h3><span style=\"color: #007eff;\"><strong>Westbound <\/strong><\/span><\/h3>\n<p>Affected lines and their new origins and terminals.<\/p>\n<p>Lines: <span style=\"color: #007eff;\"><strong>107, 108, 109, 111, 111A, 118, 118A, 122, 123, 123A, 123B, 126, 127, 128, 128A, 129, 136, 145, 146, 148, 149 and 181 181.<\/strong><\/span><\/p>\n<p>Starting point: <span style=\"color: #007eff;\"><strong>Viru<\/strong><\/span><\/p>\n<p>NB: From the new Viru departure stop, departure times will not change.<\/p>\n<p>End-stop: The Baltic Station stop at Schnell Pond, which is for passengers only.<\/p>\n<p>Remain unserved: <strong>Baltic station (on the square), Rannam\u00e4e tee<\/strong><\/p>\n<p><img loading=\"lazy\" decoding=\"async\" class=\"alignnone wp-image-2398\" src=\"https:\/\/iil.ee\/wp-content\/uploads\/2025\/07\/Laane-suuna-liinide-uus-liikumistee-300x212.png\" alt=\"\" width=\"604\" height=\"427\" srcset=\"https:\/\/iil.ee\/wp-content\/uploads\/2025\/07\/Laane-suuna-liinide-uus-liikumistee-300x212.png 300w, https:\/\/iil.ee\/wp-content\/uploads\/2025\/07\/Laane-suuna-liinide-uus-liikumistee-1024x724.png 1024w, https:\/\/iil.ee\/wp-content\/uploads\/2025\/07\/Laane-suuna-liinide-uus-liikumistee-768x543.png 768w, https:\/\/iil.ee\/wp-content\/uploads\/2025\/07\/Laane-suuna-liinide-uus-liikumistee-1536x1086.png 1536w, https:\/\/iil.ee\/wp-content\/uploads\/2025\/07\/Laane-suuna-liinide-uus-liikumistee-18x12.png 18w, https:\/\/iil.ee\/wp-content\/uploads\/2025\/07\/Laane-suuna-liinide-uus-liikumistee.png 1754w\" sizes=\"auto, (max-width: 604px) 100vw, 604px\" \/><\/p>\n<h3><span style=\"color: #007eff;\"><strong>Southwest direction<\/strong><\/span><\/h3>\n<p>Affected lines and their new origins and terminals.<\/p>\n<p>Lines: <span style=\"color: #007eff;\"><strong>116, 116A, 116B<\/strong><\/span><\/p>\n<p>Starting point: <strong><span style=\"color: #007eff;\">Viru<\/span><\/strong><\/p>\n<p>NB: From the new Viru departure stop, departure times will not change.<\/p>\n<p>End-stop: Viru<\/p>\n<p>Remain unserved: <strong>Baltic station, Rannam\u00e4e road<\/strong><\/p>\n<p><img loading=\"lazy\" decoding=\"async\" class=\"alignnone wp-image-2397\" src=\"https:\/\/iil.ee\/wp-content\/uploads\/2025\/07\/Edela-suuna-liinide-uus-liikumistee-300x212.png\" alt=\"\" width=\"604\" height=\"427\" srcset=\"https:\/\/iil.ee\/wp-content\/uploads\/2025\/07\/Edela-suuna-liinide-uus-liikumistee-300x212.png 300w, https:\/\/iil.ee\/wp-content\/uploads\/2025\/07\/Edela-suuna-liinide-uus-liikumistee-1024x724.png 1024w, https:\/\/iil.ee\/wp-content\/uploads\/2025\/07\/Edela-suuna-liinide-uus-liikumistee-768x543.png 768w, https:\/\/iil.ee\/wp-content\/uploads\/2025\/07\/Edela-suuna-liinide-uus-liikumistee-1536x1086.png 1536w, https:\/\/iil.ee\/wp-content\/uploads\/2025\/07\/Edela-suuna-liinide-uus-liikumistee-18x12.png 18w, https:\/\/iil.ee\/wp-content\/uploads\/2025\/07\/Edela-suuna-liinide-uus-liikumistee.png 1754w\" sizes=\"auto, (max-width: 604px) 100vw, 604px\" \/><\/p>\n<p>Find the timetables for the routes <a href=\"https:\/\/iil.ee\/en\/\">https:\/\/iil.ee\/<\/a><\/p>\n<p>&nbsp;<\/p>\n<h3><span style=\"color: #007eff;\"><strong>NB prior info!<\/strong><\/span><\/h3>\n<p>From <span style=\"color: #007eff;\"><strong>from 01 September<\/strong> <\/span>the departure points for the county's public lines will change at the Baltic station.<\/p>\n<p>Lines from Baltic Station Post 1 - Peetri, J\u00fcri, Aruk\u00fcla 121, 162, 120, 120A, 121, 125, 125A, 132, 132A, 134, 135, 135A, 135C<\/p>\n<p>Lines from Baltic station post 2 - Vaida, Kose 105, 130, 131, 138, 139, 141, 144.<\/p>\n<p>Lines departing from the Baltic station post 3 - Viimsi 114, 115, 174<\/p>\n<p>Lines from Baltic station post 4 - Loo 104A, 104B, 104C, 106, 106A, 106B, 106C, 150<\/p>\n<p>Lines from Baltic station post 5 - Loksa 151, 151A, 152, 152A, 153, 154, 155, 156, 157, 157A, 158, 159, 18V.<\/p>\n<p>Lines from Baltic station post 6 - Maardu, Soodevahe 102, 160 173<\/p>\n<p>&nbsp;<\/p>","protected":false},"excerpt":{"rendered":"<p>Alates 1. augustist muutuvad L\u00e4\u00e4ne ja Edela suuna liinide liikumisteed Tallinnas, Balti jaama piirkonnas. &nbsp; L\u00e4\u00e4ne suund Muudatusest m\u00f5jutatud liinid ja nende uued alg- ja l\u00f5pp-peatused. Liinid: 107, 108, 109, 111, 111A, 118, 118A, 122, 123, 123A, 123B, 126, 127, 128, 128A, 129, 136, 145, 146, 148, 149 ja 181 Algpeatus: Viru NB! Uuest algpeatusest [&hellip;]<\/p>\n","protected":false},"author":4,"featured_media":1667,"comment_status":"open","ping_status":"open","sticky":false,"template":"","format":"standard","meta":{"_acf_changed":false,"footnotes":""},"categories":[2],"tags":[24,23],"class_list":["post-2385","post","type-post","status-publish","format-standard","has-post-thumbnail","hentry","category-soiduplaanid","tag-harjumaa-edelasuund","tag-harjumaa-laanesuund"],"acf":[],"publishpress_future_action":{"enabled":false,"date":"2026-05-09 04:53:28","action":"change-status","newStatus":"draft","terms":[],"taxonomy":"category","extraData":[]},"publishpress_future_workflow_manual_trigger":{"enabledWorkflows":[]},"_links":{"self":[{"href":"https:\/\/iil.ee\/en\/wp-json\/wp\/v2\/posts\/2385","targetHints":{"allow":["GET"]}}],"collection":[{"href":"https:\/\/iil.ee\/en\/wp-json\/wp\/v2\/posts"}],"about":[{"href":"https:\/\/iil.ee\/en\/wp-json\/wp\/v2\/types\/post"}],"author":[{"embeddable":true,"href":"https:\/\/iil.ee\/en\/wp-json\/wp\/v2\/users\/4"}],"replies":[{"embeddable":true,"href":"https:\/\/iil.ee\/en\/wp-json\/wp\/v2\/comments?post=2385"}],"version-history":[{"count":5,"href":"https:\/\/iil.ee\/en\/wp-json\/wp\/v2\/posts\/2385\/revisions"}],"predecessor-version":[{"id":2400,"href":"https:\/\/iil.ee\/en\/wp-json\/wp\/v2\/posts\/2385\/revisions\/2400"}],"wp:featuredmedia":[{"embeddable":true,"href":"https:\/\/iil.ee\/en\/wp-json\/wp\/v2\/media\/1667"}],"wp:attachment":[{"href":"https:\/\/iil.ee\/en\/wp-json\/wp\/v2\/media?parent=2385"}],"wp:term":[{"taxonomy":"category","embeddable":true,"href":"https:\/\/iil.ee\/en\/wp-json\/wp\/v2\/categories?post=2385"},{"taxonomy":"post_tag","embeddable":true,"href":"https:\/\/iil.ee\/en\/wp-json\/wp\/v2\/tags?post=2385"}],"curies":[{"name":"wp","href":"https:\/\/api.w.org\/{rel}","templated":true}]}}