{"id":2558,"date":"2025-08-15T11:00:54","date_gmt":"2025-08-15T08:00:54","guid":{"rendered":"https:\/\/iil.ee\/?p=2558"},"modified":"2025-09-04T15:46:48","modified_gmt":"2025-09-04T12:46:48","slug":"important-changes-on-route-164-from-01-september","status":"publish","type":"post","link":"https:\/\/iil.ee\/en\/soiduplaanid\/olulised-muudatused-liinil-164-alates-01-septembrist","title":{"rendered":"Important changes on route 164 from 01 September"},"content":{"rendered":"<p>From 1 September, route 164 will be significantly shortened. It will continue to operate on the following route. <strong>Kiili-J\u00fcri-\u00dclemiste-Estonia<\/strong>.<\/p>\n<p>On the section between Kohila and Kili, the line has not been sufficiently available to continue serving the area in the same way as before.<\/p>\n<p>The following solutions will partially restore the broken connections:<\/p>\n<ul>\n<li>From 1 September onwards <a href=\"https:\/\/iil.ee\/en\/schedules\/changes-to-south-westbound-regional-services-from-01-09-2025\/\">Line 116C<\/a>, which will run along the Sausti road and will provide the Kuu and Saustim\u00f5isa stops with important connections to the centre of Kiili and also to Tallinn.<\/li>\n<li><a href=\"https:\/\/iil.ee\/en\/schedules\/to-the-roundabout\/\">Roundabout 199<\/a> will also run from 1 September and you can change from the Viljandi-Rapla-Kohila train at Saku railway station to line 199 in the J\u00fcri-Mustakivi direction. This will extend the connections for people from Kohila to J\u00fcri and Lasnam\u00e4e.<\/li>\n<li>Tallinn-Rapla-T\u00fcri road stops are connected to Tallinn by lines 178, 350 and 355 (P\u00e4rnu \u00dcTK public long-distance bus).<\/li>\n<\/ul>\n<p>&nbsp;<\/p>\n<p>On 1 September, there will be a number of changes to the route network and we recommend using the trip planner to discover new connections. <a href=\"https:\/\/iil.ee\/en\/\">www.iil.ee<\/a><\/p>","protected":false},"excerpt":{"rendered":"<p>Alates 1. septembrist l\u00fcheneb liin 164 m\u00e4rgatavalt. Liin j\u00e4\u00e4b teenindama edaspidi marsruudil Kiili-J\u00fcri-\u00dclemiste-Estonia. Kohila-Kiili vahelisel l\u00f5igul pole liini kasutatavus olnud piisav, et endisel viisil piirkonna teenindamist j\u00e4tkata. Osaliselt tagatakse katkenud \u00fchendused j\u00e4rgmiste lahendustega: 1. septembrist alustab teenindamist liin 116C, mis hakkab s\u00f5itma m\u00f6\u00f6da Sausti teed ja tagab Kuu ja Saustim\u00f5isa peatustele olulised \u00fchendused Kiili keskusega [&hellip;]<\/p>\n","protected":false},"author":7,"featured_media":1698,"comment_status":"open","ping_status":"open","sticky":false,"template":"","format":"standard","meta":{"_acf_changed":false,"footnotes":""},"categories":[2],"tags":[24,21],"class_list":["post-2558","post","type-post","status-publish","format-standard","has-post-thumbnail","hentry","category-soiduplaanid","tag-harjumaa-edelasuund","tag-harjumaa-lounasuund"],"acf":[],"publishpress_future_action":{"enabled":false,"date":"2026-05-09 05:02:46","action":"change-status","newStatus":"draft","terms":[],"taxonomy":"category","extraData":[]},"publishpress_future_workflow_manual_trigger":{"enabledWorkflows":[]},"_links":{"self":[{"href":"https:\/\/iil.ee\/en\/wp-json\/wp\/v2\/posts\/2558","targetHints":{"allow":["GET"]}}],"collection":[{"href":"https:\/\/iil.ee\/en\/wp-json\/wp\/v2\/posts"}],"about":[{"href":"https:\/\/iil.ee\/en\/wp-json\/wp\/v2\/types\/post"}],"author":[{"embeddable":true,"href":"https:\/\/iil.ee\/en\/wp-json\/wp\/v2\/users\/7"}],"replies":[{"embeddable":true,"href":"https:\/\/iil.ee\/en\/wp-json\/wp\/v2\/comments?post=2558"}],"version-history":[{"count":5,"href":"https:\/\/iil.ee\/en\/wp-json\/wp\/v2\/posts\/2558\/revisions"}],"predecessor-version":[{"id":2563,"href":"https:\/\/iil.ee\/en\/wp-json\/wp\/v2\/posts\/2558\/revisions\/2563"}],"wp:featuredmedia":[{"embeddable":true,"href":"https:\/\/iil.ee\/en\/wp-json\/wp\/v2\/media\/1698"}],"wp:attachment":[{"href":"https:\/\/iil.ee\/en\/wp-json\/wp\/v2\/media?parent=2558"}],"wp:term":[{"taxonomy":"category","embeddable":true,"href":"https:\/\/iil.ee\/en\/wp-json\/wp\/v2\/categories?post=2558"},{"taxonomy":"post_tag","embeddable":true,"href":"https:\/\/iil.ee\/en\/wp-json\/wp\/v2\/tags?post=2558"}],"curies":[{"name":"wp","href":"https:\/\/api.w.org\/{rel}","templated":true}]}}