{"id":2621,"date":"2025-08-14T15:26:43","date_gmt":"2025-08-14T12:26:43","guid":{"rendered":"https:\/\/iil.ee\/?p=2621"},"modified":"2025-08-14T15:26:43","modified_gmt":"2025-08-14T12:26:43","slug":"changes-to-the-grounding-direction-from-1-september","status":"publish","type":"post","link":"https:\/\/iil.ee\/en\/soiduplaanid\/pohjasuuna-muudatused-alates-1-septembrist","title":{"rendered":"Changes to northbound services from 1 September"},"content":{"rendered":"<p>&nbsp;<\/p>\n<ul>\n<li data-start=\"103\" data-end=\"229\"><strong data-start=\"103\" data-end=\"144\">on routes 114, 115 and 174 in the Viimsi direction.<\/strong> change the location of the Baltic Station departure stop - lines will depart from Post 3.<\/li>\n<li data-start=\"230\" data-end=\"453\">\n<p data-start=\"232\" data-end=\"285\"><strong data-start=\"232\" data-end=\"244\">Line 174<\/strong> - three departures on weekdays:<\/p>\n<ul data-start=\"288\" data-end=\"453\">\n<li data-start=\"288\" data-end=\"316\">\n<p data-start=\"290\" data-end=\"316\">From the Baltic station at 18:15<\/p>\n<\/li>\n<li data-start=\"319\" data-end=\"359\">\n<p data-start=\"321\" data-end=\"359\">From Viimsi centre at 11:55 and 19:15<\/p>\n<\/li>\n<li data-start=\"362\" data-end=\"453\">\n<p data-start=\"364\" data-end=\"453\">The 06:20 departure from Viimsi Centre will be cancelled due to a lack of passengers.<\/p>\n<\/li>\n<\/ul>\n<\/li>\n<li data-start=\"454\" data-end=\"570\">\n<p data-start=\"456\" data-end=\"570\"><strong data-start=\"456\" data-end=\"468\">Line 114<\/strong> - on weekdays, the 06:20 departure from the Baltic station will be cancelled due to a lack of passengers.<\/p>\n<\/li>\n<li data-start=\"571\" data-end=\"680\">\n<p data-start=\"573\" data-end=\"680\">Due to the seasonal change in timetables, all northbound services will be subject to a speed adjustment.<\/p>\n<\/li>\n<li data-start=\"681\" data-end=\"723\">\n<p data-start=\"683\" data-end=\"723\">The times of several departures will change.<\/p>\n<\/li>\n<\/ul>\n<p>&nbsp;<\/p>","protected":false},"excerpt":{"rendered":"<p>&nbsp; Viimsi suuna liinidel 114, 115 ja 174 muutub algpeatuse Balti jaam asukoht \u2013 liinid hakkavad v\u00e4ljuma posti nr 3 juurest. Liin 174 \u2013 t\u00f6\u00f6p\u00e4evadel lisandub kolm v\u00e4ljumist: Balti jaamast kell 18:15 Viimsi keskusest kell 11:55 ja 19:15 L\u00f5petatakse Viimsi keskusest kell 06:20 v\u00e4ljumise teenindamine s\u00f5itjate v\u00e4hesuse t\u00f5ttu. Liin 114 \u2013 l\u00f5petatakse t\u00f6\u00f6p\u00e4evadel Balti jaamast [&hellip;]<\/p>\n","protected":false},"author":7,"featured_media":1696,"comment_status":"open","ping_status":"open","sticky":false,"template":"","format":"standard","meta":{"_acf_changed":false,"footnotes":""},"categories":[2],"tags":[20],"class_list":["post-2621","post","type-post","status-publish","format-standard","has-post-thumbnail","hentry","category-soiduplaanid","tag-harjumaa-pohjasuund"],"acf":[],"publishpress_future_action":{"enabled":false,"date":"2026-05-09 05:03:06","action":"change-status","newStatus":"draft","terms":[],"taxonomy":"category","extraData":[]},"publishpress_future_workflow_manual_trigger":{"enabledWorkflows":[]},"_links":{"self":[{"href":"https:\/\/iil.ee\/en\/wp-json\/wp\/v2\/posts\/2621","targetHints":{"allow":["GET"]}}],"collection":[{"href":"https:\/\/iil.ee\/en\/wp-json\/wp\/v2\/posts"}],"about":[{"href":"https:\/\/iil.ee\/en\/wp-json\/wp\/v2\/types\/post"}],"author":[{"embeddable":true,"href":"https:\/\/iil.ee\/en\/wp-json\/wp\/v2\/users\/7"}],"replies":[{"embeddable":true,"href":"https:\/\/iil.ee\/en\/wp-json\/wp\/v2\/comments?post=2621"}],"version-history":[{"count":2,"href":"https:\/\/iil.ee\/en\/wp-json\/wp\/v2\/posts\/2621\/revisions"}],"predecessor-version":[{"id":2624,"href":"https:\/\/iil.ee\/en\/wp-json\/wp\/v2\/posts\/2621\/revisions\/2624"}],"wp:featuredmedia":[{"embeddable":true,"href":"https:\/\/iil.ee\/en\/wp-json\/wp\/v2\/media\/1696"}],"wp:attachment":[{"href":"https:\/\/iil.ee\/en\/wp-json\/wp\/v2\/media?parent=2621"}],"wp:term":[{"taxonomy":"category","embeddable":true,"href":"https:\/\/iil.ee\/en\/wp-json\/wp\/v2\/categories?post=2621"},{"taxonomy":"post_tag","embeddable":true,"href":"https:\/\/iil.ee\/en\/wp-json\/wp\/v2\/tags?post=2621"}],"curies":[{"name":"wp","href":"https:\/\/api.w.org\/{rel}","templated":true}]}}