{"id":2987,"date":"2025-09-12T11:02:05","date_gmt":"2025-09-12T08:02:05","guid":{"rendered":"https:\/\/iil.ee\/?p=2987"},"modified":"2025-09-15T11:49:59","modified_gmt":"2025-09-15T08:49:59","slug":"anija-municipality-bus-routes-from-22-september","status":"publish","type":"post","link":"https:\/\/iil.ee\/en\/soiduplaanid\/anija-valla-bussiliinid-alates-22-septembrist","title":{"rendered":"Bus routes in Anija parish from 22 September"},"content":{"rendered":"<p data-start=\"175\" data-end=\"315\">From 22 September, the routes will be adjusted <strong data-start=\"222\" data-end=\"233\">Anija 3<\/strong> and <strong data-start=\"237\" data-end=\"248\">Anija 4<\/strong> timetables, and a new bus service will start operating. <strong data-start=\"301\" data-end=\"312\">Anija 8<\/strong>.<\/p>\n<p data-start=\"317\" data-end=\"330\"><strong data-start=\"317\" data-end=\"328\">Anija 3<\/strong><\/p>\n<ul>\n<li data-start=\"317\" data-end=\"330\">A new trip has been added on the route <em data-start=\"364\" data-end=\"392\">Alavere - L\u00fckati - Alavere.<\/em><\/li>\n<li data-start=\"317\" data-end=\"330\">Route <em data-start=\"407\" data-end=\"424\">Alavere - Kehra<\/em> will be moved from Tallinn motorway back to Kose motorway<\/li>\n<\/ul>\n<p data-start=\"478\" data-end=\"491\"><strong data-start=\"478\" data-end=\"489\">Anija 4<\/strong><\/p>\n<ul>\n<li data-start=\"478\" data-end=\"491\">The Laidema section of the 16:00 Alavere departure has been upgraded to the 15:30 Alavere departure.<\/li>\n<li data-start=\"478\" data-end=\"491\">The 16:00 departure from Kehra is accompanied by the L\u00fckat section.<\/li>\n<li data-start=\"478\" data-end=\"491\">Trips departing from Alavere at 16:15 and 16:50 will be transferred to the new route Anija 8.<\/li>\n<li data-start=\"597\" data-end=\"655\">\n<p data-start=\"599\" data-end=\"655\"><strong data-start=\"747\" data-end=\"758\">Anija 8<\/strong><\/p>\n<\/li>\n<\/ul>\n<ul>\n<li>Alavere - Uuearu - Vetla - Voose - Alavere (departure at 16:15).<\/li>\n<li>Alavere - L\u00fckati (departure at 16:50)<\/li>\n<\/ul>","protected":false},"excerpt":{"rendered":"<p>Alates 22. septembrist korrigeeritakse liinide Anija 3 ja Anija 4 s\u00f5iduplaane ning teenindamist alustab uus bussiliin Anija 8. Anija 3 Lisatud on uus reis marsruudil Alavere \u2013 L\u00fckati \u2013 Alavere. Marsruut Alavere \u2013 Kehra viiakse Tallinna maanteelt tagasi Kose maanteele Anija 4 Alaverest kell 16:00 v\u00e4ljunud reisi Laidema l\u00f5ik on t\u00f5stetud Alaverest kell 15:30 v\u00e4ljuvale [&hellip;]<\/p>\n","protected":false},"author":7,"featured_media":1697,"comment_status":"open","ping_status":"open","sticky":false,"template":"","format":"standard","meta":{"_acf_changed":false,"footnotes":""},"categories":[2],"tags":[9],"class_list":["post-2987","post","type-post","status-publish","format-standard","has-post-thumbnail","hentry","category-soiduplaanid","tag-anija-siseliinid"],"acf":[],"publishpress_future_action":{"enabled":false,"date":"2026-05-09 05:01:48","action":"change-status","newStatus":"draft","terms":[],"taxonomy":"category","extraData":[]},"publishpress_future_workflow_manual_trigger":{"enabledWorkflows":[]},"_links":{"self":[{"href":"https:\/\/iil.ee\/en\/wp-json\/wp\/v2\/posts\/2987","targetHints":{"allow":["GET"]}}],"collection":[{"href":"https:\/\/iil.ee\/en\/wp-json\/wp\/v2\/posts"}],"about":[{"href":"https:\/\/iil.ee\/en\/wp-json\/wp\/v2\/types\/post"}],"author":[{"embeddable":true,"href":"https:\/\/iil.ee\/en\/wp-json\/wp\/v2\/users\/7"}],"replies":[{"embeddable":true,"href":"https:\/\/iil.ee\/en\/wp-json\/wp\/v2\/comments?post=2987"}],"version-history":[{"count":4,"href":"https:\/\/iil.ee\/en\/wp-json\/wp\/v2\/posts\/2987\/revisions"}],"predecessor-version":[{"id":2996,"href":"https:\/\/iil.ee\/en\/wp-json\/wp\/v2\/posts\/2987\/revisions\/2996"}],"wp:featuredmedia":[{"embeddable":true,"href":"https:\/\/iil.ee\/en\/wp-json\/wp\/v2\/media\/1697"}],"wp:attachment":[{"href":"https:\/\/iil.ee\/en\/wp-json\/wp\/v2\/media?parent=2987"}],"wp:term":[{"taxonomy":"category","embeddable":true,"href":"https:\/\/iil.ee\/en\/wp-json\/wp\/v2\/categories?post=2987"},{"taxonomy":"post_tag","embeddable":true,"href":"https:\/\/iil.ee\/en\/wp-json\/wp\/v2\/tags?post=2987"}],"curies":[{"name":"wp","href":"https:\/\/api.w.org\/{rel}","templated":true}]}}