{"id":3297,"date":"2025-10-15T10:55:02","date_gmt":"2025-10-15T07:55:02","guid":{"rendered":"https:\/\/iil.ee\/?p=3297"},"modified":"2025-10-15T16:36:58","modified_gmt":"2025-10-15T13:36:58","slug":"new-keila-city-bus-k15","status":"publish","type":"post","link":"https:\/\/iil.ee\/en\/soiduplaanid\/uus-keila-linnaliin-k15","title":{"rendered":"New Keila city bus K15 from 3 November"},"content":{"rendered":"<p>From 3 November, the new Keila city bus starts operating <strong>K15<\/strong>, financed by Harku municipality. The line is primarily intended for pupils from Harku municipality who attend Keila school.<\/p>\n<p>The new line K15 is part of the former Harku inner line H6 and runs on the route. <strong>Keila-Joa - Humala - V\u00e4\u00e4na - K\u00fctke - Keila<\/strong>. The bus departs from Keila-Joa bus stop at 7:35 and arrives at Pargimaja bus stop at 8:09 and Keila school bus stop at 8:13.<\/p>\n<p>The service operates only on school days.<\/p>\n<p><img loading=\"lazy\" decoding=\"async\" class=\"alignnone wp-image-3298\" src=\"https:\/\/iil.ee\/wp-content\/uploads\/2025\/10\/Liini-K15-liikumistee-300x252.png\" alt=\"\" width=\"800\" height=\"672\" srcset=\"https:\/\/iil.ee\/wp-content\/uploads\/2025\/10\/Liini-K15-liikumistee-300x252.png 300w, https:\/\/iil.ee\/wp-content\/uploads\/2025\/10\/Liini-K15-liikumistee-1024x860.png 1024w, https:\/\/iil.ee\/wp-content\/uploads\/2025\/10\/Liini-K15-liikumistee-768x645.png 768w, https:\/\/iil.ee\/wp-content\/uploads\/2025\/10\/Liini-K15-liikumistee-14x12.png 14w, https:\/\/iil.ee\/wp-content\/uploads\/2025\/10\/Liini-K15-liikumistee.png 1476w\" sizes=\"auto, (max-width: 800px) 100vw, 800px\" \/><\/p>\n<p>&nbsp;<\/p>\n<p>Timetables are available on the website<a href=\"https:\/\/iil.ee\/en\/\">\u00a0iil.ee<\/a><\/p>","protected":false},"excerpt":{"rendered":"<p>Alates 3. novembrist alustab t\u00f6\u00f6d uus Keila linnaliin K15, mida rahastab Harku vald. Liin on m\u00f5eldud eelk\u00f5ige Harku valla \u00f5pilastele, kes \u00f5pivad Keila koolis. Uus liin K15 on endise Harku siseliini H6 osa ning s\u00f5idab marsruudil Keila-Joa \u2013 Humala \u2013 V\u00e4\u00e4na \u2013 K\u00fctke \u2013 Keila. Buss v\u00e4ljub algpeatusest Keila-Joa kell 7:35 ning saabub Pargimaja peatusesse [&hellip;]<\/p>\n","protected":false},"author":7,"featured_media":1688,"comment_status":"open","ping_status":"open","sticky":false,"template":"","format":"standard","meta":{"_acf_changed":false,"footnotes":""},"categories":[2],"tags":[12],"class_list":["post-3297","post","type-post","status-publish","format-standard","has-post-thumbnail","hentry","category-soiduplaanid","tag-keila-linnaliinid"],"acf":[],"publishpress_future_action":{"enabled":false,"date":"2026-05-09 05:02:45","action":"change-status","newStatus":"draft","terms":[],"taxonomy":"category","extraData":[]},"publishpress_future_workflow_manual_trigger":{"enabledWorkflows":[]},"_links":{"self":[{"href":"https:\/\/iil.ee\/en\/wp-json\/wp\/v2\/posts\/3297","targetHints":{"allow":["GET"]}}],"collection":[{"href":"https:\/\/iil.ee\/en\/wp-json\/wp\/v2\/posts"}],"about":[{"href":"https:\/\/iil.ee\/en\/wp-json\/wp\/v2\/types\/post"}],"author":[{"embeddable":true,"href":"https:\/\/iil.ee\/en\/wp-json\/wp\/v2\/users\/7"}],"replies":[{"embeddable":true,"href":"https:\/\/iil.ee\/en\/wp-json\/wp\/v2\/comments?post=3297"}],"version-history":[{"count":5,"href":"https:\/\/iil.ee\/en\/wp-json\/wp\/v2\/posts\/3297\/revisions"}],"predecessor-version":[{"id":3305,"href":"https:\/\/iil.ee\/en\/wp-json\/wp\/v2\/posts\/3297\/revisions\/3305"}],"wp:featuredmedia":[{"embeddable":true,"href":"https:\/\/iil.ee\/en\/wp-json\/wp\/v2\/media\/1688"}],"wp:attachment":[{"href":"https:\/\/iil.ee\/en\/wp-json\/wp\/v2\/media?parent=3297"}],"wp:term":[{"taxonomy":"category","embeddable":true,"href":"https:\/\/iil.ee\/en\/wp-json\/wp\/v2\/categories?post=3297"},{"taxonomy":"post_tag","embeddable":true,"href":"https:\/\/iil.ee\/en\/wp-json\/wp\/v2\/tags?post=3297"}],"curies":[{"name":"wp","href":"https:\/\/api.w.org\/{rel}","templated":true}]}}