{"id":3308,"date":"2025-10-15T10:56:29","date_gmt":"2025-10-15T07:56:29","guid":{"rendered":"https:\/\/iil.ee\/?p=3308"},"modified":"2025-10-15T10:59:54","modified_gmt":"2025-10-15T07:59:54","slug":"a-more-comfortable-journey-to-school-for-students-from-muraste-and-keila-school-from-3-november-onwards","status":"publish","type":"post","link":"https:\/\/iil.ee\/en\/soiduplaanid\/mugavam-koolitee-muraste-ja-keila-kooli-opilastele-alates-3-novembrist","title":{"rendered":"More convenient school travel for Muraste and Keila school pupils from 3 November"},"content":{"rendered":"<p>As of 3 November, the timetables of the Harku H6 and H7 inner-city lines will change, in particular concerning <strong>Keila<\/strong> and <strong>Muraste school<\/strong> student trips:<\/p>\n<ul>\n<li data-start=\"168\" data-end=\"454\">\n<p data-start=\"170\" data-end=\"454\">To the bus stop <strong data-start=\"170\" data-end=\"186\">H6<\/strong> is divided in two. The route Keila-Joa - Humala - V\u00e4\u00e4na - K\u00fctke - Keila will be served by the following services <a href=\"https:\/\/iil.ee\/en\/schedules\/new-keila-city-bus-k15\/\"><strong>new line K15<\/strong><\/a><span data-start=\"295\" data-end=\"302\"> and <\/span>The H6 now runs on the route K\u00fcnka - Kumna - Vahi - V\u00e4\u00e4na Manor.<br data-start=\"385\" data-end=\"388\" \/>The bus departs from K\u00fcnka at the same time as before at 7:54.<\/p>\n<\/li>\n<li data-start=\"456\" data-end=\"656\">\n<p data-start=\"458\" data-end=\"656\">To the bus stop<strong data-start=\"458\" data-end=\"474\"> H7<\/strong> departing from Tabasalu at 14:00 will get a layover at the Muraste school stop. The bus will arrive at the bus stop at <strong data-start=\"592\" data-end=\"601\">15:11<\/strong> and exits from there <strong data-start=\"620\" data-end=\"629\">15:15<\/strong>, heading back to Tabasall.<\/p>\n<\/li>\n<\/ul>\n<p>&nbsp;<\/p>\n<p>Timetables are available on the website<a href=\"https:\/\/iil.ee\/en\/\">\u00a0iil.ee<\/a><\/p>","protected":false},"excerpt":{"rendered":"<p>Alates 3. novembrist muutuvad Harku siseliinide H6 ja H7 s\u00f5iduplaanid, mis puudutavad eelk\u00f5ige Keila ja Muraste kooli \u00f5pilaste s\u00f5ite: Bussiliin H6 on jagatud kaheks. Marsruuti Keila-Joa \u2013 Humala \u2013 V\u00e4\u00e4na \u2013 K\u00fctke \u2013 Keila teenindab edaspidi uus liin K15 ning H6 s\u00f5idab n\u00fc\u00fcdsest marsruudil K\u00fcnka \u2013 Kumna \u2013 Vahi \u2013 V\u00e4\u00e4na m\u00f5is.Buss v\u00e4ljub algpeatusest K\u00fcnka [&hellip;]<\/p>\n","protected":false},"author":7,"featured_media":1671,"comment_status":"open","ping_status":"open","sticky":false,"template":"","format":"standard","meta":{"_acf_changed":false,"footnotes":""},"categories":[2],"tags":[10],"class_list":["post-3308","post","type-post","status-publish","format-standard","has-post-thumbnail","hentry","category-soiduplaanid","tag-harku-siseliinid"],"acf":[],"publishpress_future_action":{"enabled":false,"date":"2026-05-09 05:01:48","action":"change-status","newStatus":"draft","terms":[],"taxonomy":"category","extraData":[]},"publishpress_future_workflow_manual_trigger":{"enabledWorkflows":[]},"_links":{"self":[{"href":"https:\/\/iil.ee\/en\/wp-json\/wp\/v2\/posts\/3308","targetHints":{"allow":["GET"]}}],"collection":[{"href":"https:\/\/iil.ee\/en\/wp-json\/wp\/v2\/posts"}],"about":[{"href":"https:\/\/iil.ee\/en\/wp-json\/wp\/v2\/types\/post"}],"author":[{"embeddable":true,"href":"https:\/\/iil.ee\/en\/wp-json\/wp\/v2\/users\/7"}],"replies":[{"embeddable":true,"href":"https:\/\/iil.ee\/en\/wp-json\/wp\/v2\/comments?post=3308"}],"version-history":[{"count":4,"href":"https:\/\/iil.ee\/en\/wp-json\/wp\/v2\/posts\/3308\/revisions"}],"predecessor-version":[{"id":3316,"href":"https:\/\/iil.ee\/en\/wp-json\/wp\/v2\/posts\/3308\/revisions\/3316"}],"wp:featuredmedia":[{"embeddable":true,"href":"https:\/\/iil.ee\/en\/wp-json\/wp\/v2\/media\/1671"}],"wp:attachment":[{"href":"https:\/\/iil.ee\/en\/wp-json\/wp\/v2\/media?parent=3308"}],"wp:term":[{"taxonomy":"category","embeddable":true,"href":"https:\/\/iil.ee\/en\/wp-json\/wp\/v2\/categories?post=3308"},{"taxonomy":"post_tag","embeddable":true,"href":"https:\/\/iil.ee\/en\/wp-json\/wp\/v2\/tags?post=3308"}],"curies":[{"name":"wp","href":"https:\/\/api.w.org\/{rel}","templated":true}]}}