{"id":3319,"date":"2025-10-15T15:40:11","date_gmt":"2025-10-15T12:40:11","guid":{"rendered":"https:\/\/iil.ee\/?p=3319"},"modified":"2025-11-06T13:38:22","modified_gmt":"2025-11-06T11:38:22","slug":"feedback-from-bus-199","status":"publish","type":"post","link":"https:\/\/iil.ee\/en\/iil\/bussiliini-199-tagasiside","title":{"rendered":"Feedback on bus 199: the route is very welcome and there is a wish to extend the service area."},"content":{"rendered":"<p data-start=\"194\" data-end=\"434\">The 199 circular bus service, launched in September, has received a lot of positive feedback from the public. Up to 15 October, IIL had collected nearly 200 suggestions and comments on the new route, showing the high level of interest and expectation people have for the service.<\/p>\n<p data-start=\"436\" data-end=\"681\">The analysis of the feedback shows that bus 199 is a highly appreciated and valued option for residents. Many of the suggestions concern the extension of the service to reach more destinations and serve a wider area.<\/p>\n<p data-start=\"683\" data-end=\"857\">The high level of feedback and suggestions shows that the new circular bus route will play an important role in improving local mobility and meeting the daily travel needs of residents.<\/p>\n<p data-start=\"683\" data-end=\"857\"><img loading=\"lazy\" decoding=\"async\" class=\"alignnone wp-image-3320\" src=\"https:\/\/iil.ee\/wp-content\/uploads\/2025\/10\/Pilt1-300x237.png\" alt=\"\" width=\"600\" height=\"473\" srcset=\"https:\/\/iil.ee\/wp-content\/uploads\/2025\/10\/Pilt1-300x237.png 300w, https:\/\/iil.ee\/wp-content\/uploads\/2025\/10\/Pilt1-1024x808.png 1024w, https:\/\/iil.ee\/wp-content\/uploads\/2025\/10\/Pilt1-768x606.png 768w, https:\/\/iil.ee\/wp-content\/uploads\/2025\/10\/Pilt1-15x12.png 15w, https:\/\/iil.ee\/wp-content\/uploads\/2025\/10\/Pilt1.png 1212w\" sizes=\"auto, (max-width: 600px) 100vw, 600px\" \/><\/p>\n<p>Quotes:<\/p>\n<p>\" I really like that you can go directly from J\u00fcrk to Sakku and back. Before, you couldn't visit relatives without a car. It is also very fast to Lasnam\u00e4e. Very convenient.\"<\/p>\n<p>\u201d <em>Bus 199, a forever nice and for me necessary line J\u00fcri-Saku. Ride like a taxi 22 min. For the first time in my life, I feel like the line was made for me! It's just a pity that it doesn't run at the weekend.\"<\/em><\/p>\n<p>\"Some driving times need to be adjusted to school times.\"<\/p>\n<p>\"There is no safe access to the pedestrian crossing at the stop\"<\/p>\n<p data-start=\"182\" data-end=\"277\"><strong>Based on the feedback, the five most frequently mentioned proposals for the development of bus route 199 were identified:<\/strong><\/p>\n<ul data-start=\"278\" data-end=\"548\">\n<li data-start=\"278\" data-end=\"337\">\n<p data-start=\"280\" data-end=\"337\"><strong data-start=\"280\" data-end=\"287\">45%<\/strong> of respondents would like the line to stop in Lagedi<\/p>\n<\/li>\n<li data-start=\"338\" data-end=\"391\">\n<p data-start=\"340\" data-end=\"391\"><strong data-start=\"340\" data-end=\"347\">32%<\/strong> wishes to stop in the IKEA\/Kurna area<\/p>\n<\/li>\n<li data-start=\"392\" data-end=\"438\">\n<p data-start=\"394\" data-end=\"438\"><strong data-start=\"394\" data-end=\"401\">16%<\/strong> would like the line to pass through Kiilit<\/p>\n<\/li>\n<li data-start=\"439\" data-end=\"488\">\n<p data-start=\"441\" data-end=\"488\"><strong data-start=\"441\" data-end=\"448\">13%<\/strong> wants to extend the line to Keilan<\/p>\n<\/li>\n<li data-start=\"489\" data-end=\"548\">\n<p data-start=\"491\" data-end=\"548\"><strong data-start=\"491\" data-end=\"497\">8%<\/strong> would like the line to run at weekends.<\/p>\n<\/li>\n<\/ul>\n<p data-start=\"550\" data-end=\"646\">In total, these proposals amount to 114%, as several respondents mentioned more than one.<\/p>\n<p data-start=\"648\" data-end=\"813\">The regions and keywords mentioned in the comments are illustrated by the compiled <strong data-start=\"733\" data-end=\"745\">word cloud<\/strong>, which gives a good overview of people's expectations and mobility needs.<\/p>\n<p data-start=\"648\" data-end=\"813\"><img loading=\"lazy\" decoding=\"async\" class=\"alignnone wp-image-3322\" src=\"https:\/\/iil.ee\/wp-content\/uploads\/2025\/10\/Pilt2-300x236.png\" alt=\"\" width=\"700\" height=\"551\" srcset=\"https:\/\/iil.ee\/wp-content\/uploads\/2025\/10\/Pilt2-300x236.png 300w, https:\/\/iil.ee\/wp-content\/uploads\/2025\/10\/Pilt2-15x12.png 15w, https:\/\/iil.ee\/wp-content\/uploads\/2025\/10\/Pilt2.png 605w\" sizes=\"auto, (max-width: 700px) 100vw, 700px\" \/><\/p>\n<p data-start=\"173\" data-end=\"320\"><strong>Thank you to everyone who took the time to share their views and suggestions on the 199 bus route.<\/strong>!<\/p>\n<p data-start=\"173\" data-end=\"320\">Your feedback is invaluable in helping us to develop the line. As the line is still new, ridership is not yet high. At IIL, we know that it takes time to introduce a new line - people need to find and try new connections first. We are asking you to spread the word about the circular bus service to your friends and family, so that the convenient connection reaches more passengers.<\/p>\n<p data-start=\"624\" data-end=\"662\"><strong data-start=\"628\" data-end=\"662\">Amendments based on proposals<\/strong><\/p>\n<p data-start=\"664\" data-end=\"941\">Based on feedback, changes to the timetable will be introduced on route 199 from 27 October. The most important is the requested <strong data-start=\"781\" data-end=\"809\">Adding an IKEA entrance<\/strong>. In addition, there will be a stop in both directions on the route. <strong data-start=\"857\" data-end=\"874\">\"Kangrumetsa\"<\/strong>. The detailed changes can be found in <a href=\"https:\/\/iil.ee\/en\/schedules\/ringteeliin-199-uus-soiduplaani\/\"><strong>here<\/strong><\/a>.<\/p>\n<p data-start=\"664\" data-end=\"941\">For other proposals, it is not possible to react as quickly, but further analysis will be undertaken. People's expectations and movement preferences in the region will provide valuable input to the IIL in order to create even better connections in the future.<\/p>\n<p data-start=\"664\" data-end=\"941\">IIL builds connections!<\/p>","protected":false},"excerpt":{"rendered":"<p>Septembris k\u00e4ivitatud ringtee bussiliin 199 on saanud elanikkonnalt palju positiivset tagasisidet. Kuni 15. oktoobrini kogus IIL uue liini kohta ligi 200 ettepanekut ja kommentaari, mis n\u00e4itab inimeste suurt huvi ja ootust teenuse suhtes. Tagasiside anal\u00fc\u00fcsist selgub, et bussiliin 199 on elanike jaoks v\u00e4ga oodatud ning hinnatud \u00fchendusv\u00f5imalus. Paljud ettepanekud puudutavad liini teenindusala laiendamist, et buss [&hellip;]<\/p>\n","protected":false},"author":7,"featured_media":2848,"comment_status":"closed","ping_status":"closed","sticky":false,"template":"","format":"standard","meta":{"_acf_changed":false,"footnotes":""},"categories":[1,4],"tags":[],"class_list":["post-3319","post","type-post","status-publish","format-standard","has-post-thumbnail","hentry","category-iil","category-uudised"],"acf":[],"publishpress_future_action":{"enabled":false,"date":"2026-05-09 04:53:33","action":"change-status","newStatus":"draft","terms":[],"taxonomy":"category","extraData":[]},"publishpress_future_workflow_manual_trigger":{"enabledWorkflows":[]},"_links":{"self":[{"href":"https:\/\/iil.ee\/en\/wp-json\/wp\/v2\/posts\/3319","targetHints":{"allow":["GET"]}}],"collection":[{"href":"https:\/\/iil.ee\/en\/wp-json\/wp\/v2\/posts"}],"about":[{"href":"https:\/\/iil.ee\/en\/wp-json\/wp\/v2\/types\/post"}],"author":[{"embeddable":true,"href":"https:\/\/iil.ee\/en\/wp-json\/wp\/v2\/users\/7"}],"replies":[{"embeddable":true,"href":"https:\/\/iil.ee\/en\/wp-json\/wp\/v2\/comments?post=3319"}],"version-history":[{"count":4,"href":"https:\/\/iil.ee\/en\/wp-json\/wp\/v2\/posts\/3319\/revisions"}],"predecessor-version":[{"id":3342,"href":"https:\/\/iil.ee\/en\/wp-json\/wp\/v2\/posts\/3319\/revisions\/3342"}],"wp:featuredmedia":[{"embeddable":true,"href":"https:\/\/iil.ee\/en\/wp-json\/wp\/v2\/media\/2848"}],"wp:attachment":[{"href":"https:\/\/iil.ee\/en\/wp-json\/wp\/v2\/media?parent=3319"}],"wp:term":[{"taxonomy":"category","embeddable":true,"href":"https:\/\/iil.ee\/en\/wp-json\/wp\/v2\/categories?post=3319"},{"taxonomy":"post_tag","embeddable":true,"href":"https:\/\/iil.ee\/en\/wp-json\/wp\/v2\/tags?post=3319"}],"curies":[{"name":"wp","href":"https:\/\/api.w.org\/{rel}","templated":true}]}}