{"id":3849,"date":"2025-12-29T11:51:30","date_gmt":"2025-12-29T09:51:30","guid":{"rendered":"https:\/\/iil.ee\/?p=3849"},"modified":"2025-12-29T11:51:30","modified_gmt":"2025-12-29T09:51:30","slug":"swamp-plans-for-inland-lines-in-saku-municipality-from-05-01-2026","status":"publish","type":"post","link":"https:\/\/iil.ee\/en\/soiduplaanid\/saku-valla-siseliinide-soiduplaanid-alates-05-01-2026","title":{"rendered":"Timetables of Saku municipality's internal lines from 05.01.2026"},"content":{"rendered":"<p>On 05 January, the timetables of Saku municipality's internal lines SV13, SV15, SV16, SV17, SV18 and SV20 will change.<\/p>\n<p>&nbsp;<\/p>\n<p>Liin <strong>SV13 <\/strong>Saku - \u00dcksnurme - Kirdalu - Saustin\u00f5mme - Saku<\/p>\n<ul>\n<li>at 13.40 the departure from line SV16 is brought under line SV13.<\/li>\n<li>at 16.50 the section between Lume and V\u00e4ikemetsa has been moved to line SV20.<\/li>\n<\/ul>\n<p>Liin <strong>SV15 <\/strong>Saku - T\u00e4nassilma - Saku<\/p>\n<ul>\n<li>all departures run in both directions via J\u00e4lgim\u00e4e.<\/li>\n<\/ul>\n<p>Liin <strong>SV16 <\/strong>Saku - \u00dcksnurme - Uusm\u00e4e - T\u00f5dva - Saustin\u00f5mme<\/p>\n<ul>\n<li>at 13.40 departure has been moved to line SV13. The Pauli stop will be served for the 15.35 departure on request only.<\/li>\n<\/ul>\n<p>Liin <strong>SV17 <\/strong>Saku - M\u00e4nniliiva - Murim\u00e4e - Nurme - Saku<\/p>\n<ul>\n<li>new route, new timetable for all departures.<\/li>\n<\/ul>\n<p>Liin <strong>SV18 <\/strong>Saku - Lonely Island - Saku<\/p>\n<ul>\n<li>the 13.40 departure of the part of route SV16 from \u00dcksnurme has been moved to route SV18 and the new departure time is 13.45.<\/li>\n<\/ul>\n<p>Liin <strong>SV20 <\/strong>Saku - Lume - V\u00e4ikemetsa - Kiipsu - Saku<\/p>\n<ul>\n<li>at 16.50 the Lume and V\u00e4ikemetsa part of the departure from line SV13 is brought under line SV20.<\/li>\n<\/ul>\n<p>&nbsp;<\/p>\n<p>Timetables are public on the website <a href=\"https:\/\/iil.ee\/en\/intra-municipal-lines\/\">https:\/\/iil.ee\/omavalitsuste-siseliinid<\/a>\u00a0 and on the Saku municipality website.<\/p>\n<p>&nbsp;<\/p>","protected":false},"excerpt":{"rendered":"<p>05. jaanuaril muutuvad Saku valla siseliinide SV13, SV15, SV16, SV17, SV18 ja SV20 s\u00f5iduplaanid. &nbsp; Liin SV13 Saku \u2013 \u00dcksnurme \u2013 Kirdalu \u2013 Saustin\u00f5mme &#8211; Saku kell 13.40 v\u00e4ljumine liinilt SV16 on toodud liini SV13 alla kell 16.50 v\u00e4ljumise Lume ja V\u00e4ikemetsa osa on viidud liini SV20 alla. Liin SV15 Saku \u2013 T\u00e4nassilma &#8211; Saku [&hellip;]<\/p>\n","protected":false},"author":7,"featured_media":2858,"comment_status":"closed","ping_status":"closed","sticky":false,"template":"","format":"standard","meta":{"_acf_changed":false,"footnotes":""},"categories":[2],"tags":[17],"class_list":["post-3849","post","type-post","status-publish","format-standard","has-post-thumbnail","hentry","category-soiduplaanid","tag-saku-siseliinid"],"acf":[],"publishpress_future_action":{"enabled":false,"date":"2026-05-09 05:02:38","action":"change-status","newStatus":"draft","terms":[],"taxonomy":"category","extraData":[]},"publishpress_future_workflow_manual_trigger":{"enabledWorkflows":[]},"_links":{"self":[{"href":"https:\/\/iil.ee\/en\/wp-json\/wp\/v2\/posts\/3849","targetHints":{"allow":["GET"]}}],"collection":[{"href":"https:\/\/iil.ee\/en\/wp-json\/wp\/v2\/posts"}],"about":[{"href":"https:\/\/iil.ee\/en\/wp-json\/wp\/v2\/types\/post"}],"author":[{"embeddable":true,"href":"https:\/\/iil.ee\/en\/wp-json\/wp\/v2\/users\/7"}],"replies":[{"embeddable":true,"href":"https:\/\/iil.ee\/en\/wp-json\/wp\/v2\/comments?post=3849"}],"version-history":[{"count":4,"href":"https:\/\/iil.ee\/en\/wp-json\/wp\/v2\/posts\/3849\/revisions"}],"predecessor-version":[{"id":3854,"href":"https:\/\/iil.ee\/en\/wp-json\/wp\/v2\/posts\/3849\/revisions\/3854"}],"wp:featuredmedia":[{"embeddable":true,"href":"https:\/\/iil.ee\/en\/wp-json\/wp\/v2\/media\/2858"}],"wp:attachment":[{"href":"https:\/\/iil.ee\/en\/wp-json\/wp\/v2\/media?parent=3849"}],"wp:term":[{"taxonomy":"category","embeddable":true,"href":"https:\/\/iil.ee\/en\/wp-json\/wp\/v2\/categories?post=3849"},{"taxonomy":"post_tag","embeddable":true,"href":"https:\/\/iil.ee\/en\/wp-json\/wp\/v2\/tags?post=3849"}],"curies":[{"name":"wp","href":"https:\/\/api.w.org\/{rel}","templated":true}]}}