{"id":4333,"date":"2026-03-05T15:46:42","date_gmt":"2026-03-05T13:46:42","guid":{"rendered":"https:\/\/iil.ee\/?p=4333"},"modified":"2026-04-14T16:38:55","modified_gmt":"2026-04-14T13:38:55","slug":"%d1%80%d0%b0%d1%81%d0%bf%d0%be%d0%bb%d0%be%d0%b6%d0%b5%d0%bd%d0%b8%d0%b5-%d0%b0%d0%b2%d1%82%d0%be%d0%b1%d1%83%d1%81%d0%bd%d0%be%d0%b9-%d0%be%d1%81%d1%82%d0%b0%d0%bd%d0%be%d0%b2%d0%ba%d0%b8-%d0%b0","status":"publish","type":"post","link":"https:\/\/iil.ee\/ru\/soiduplaanid\/peatuse-bussijaam-asukoht","title":{"rendered":"\u041d\u0430 \u043b\u0438\u043d\u0438\u0438 100 \u043f\u043e \u0434\u043e\u0440\u043e\u0433\u0435 \u0432 \u0422\u0430\u043b\u043b\u0438\u043d\u043d \u0438\u0437\u043c\u0435\u043d\u0438\u0442\u0441\u044f \u0440\u0430\u0441\u043f\u043e\u043b\u043e\u0436\u0435\u043d\u0438\u0435 \u043e\u0441\u0442\u0430\u043d\u043e\u0432\u043a\u0438 Bussijaam."},"content":{"rendered":"<p>\u041f\u0435\u0440\u0435\u0441\u0435\u0447\u0435\u043d\u0438\u0435 \u0443\u043b\u0438\u0446\u044b \u041b\u0443\u0431\u044c\u044f \u0438 \u0422\u0430\u0440\u0442\u0443\u0441\u043a\u043e\u0439 \u0434\u043e\u0440\u043e\u0433\u0438. <strong>7 \u043c\u0430\u0440\u0442\u0430 - 31 \u043c\u0430\u044f<\/strong> \u0422\u0440\u0430\u043c\u0432\u0430\u0439 \u0437\u0430\u043a\u0440\u044b\u0442 \u043d\u0430 \u0440\u0435\u043c\u043e\u043d\u0442 - \u043f\u0440\u0438 \u0432\u044a\u0435\u0437\u0434\u0435 \u0432 \u0422\u0430\u043b\u043b\u0438\u043d\u043d \u043c\u0430\u0440\u0448\u0440\u0443\u0442 \u0438\u0437\u043c\u0435\u043d\u0438\u0442\u0441\u044f \u0432 \u0440\u0430\u0439\u043e\u043d\u0435 \u0411\u0443\u0441\u0441\u0438\u0430\u0430\u043c.<\/p>\n<p><img loading=\"lazy\" decoding=\"async\" class=\"alignnone wp-image-4512 size-medium\" src=\"https:\/\/iil.ee\/wp-content\/uploads\/2026\/03\/Liin-100-07.03-31.05.2026-300x212.png\" alt=\"\" width=\"300\" height=\"212\" srcset=\"https:\/\/iil.ee\/wp-content\/uploads\/2026\/03\/Liin-100-07.03-31.05.2026-300x212.png 300w, https:\/\/iil.ee\/wp-content\/uploads\/2026\/03\/Liin-100-07.03-31.05.2026-1024x724.png 1024w, https:\/\/iil.ee\/wp-content\/uploads\/2026\/03\/Liin-100-07.03-31.05.2026-768x543.png 768w, https:\/\/iil.ee\/wp-content\/uploads\/2026\/03\/Liin-100-07.03-31.05.2026-1536x1086.png 1536w, https:\/\/iil.ee\/wp-content\/uploads\/2026\/03\/Liin-100-07.03-31.05.2026-18x12.png 18w, https:\/\/iil.ee\/wp-content\/uploads\/2026\/03\/Liin-100-07.03-31.05.2026.png 1754w\" sizes=\"auto, (max-width: 300px) 100vw, 300px\" \/><\/p>\n<p>\u0414\u043e\u0440\u043e\u0436\u043d\u0430\u044f \u043e\u0441\u0442\u0430\u043d\u043e\u0432\u043a\u0430 \u0432 \u0422\u0430\u0440\u0442\u0443 <strong>\u0410\u0432\u0442\u043e\u0431\u0443\u0441\u043d\u0430\u044f \u0441\u0442\u0430\u043d\u0446\u0438\u044f<\/strong> \u0432\u0440\u0435\u043c\u0435\u043d\u043d\u043e \u043d\u0435 \u043e\u0431\u0441\u043b\u0443\u0436\u0438\u0432\u0430\u0435\u0442\u0441\u044f. \u0410\u0432\u0442\u043e\u0431\u0443\u0441 \u0431\u0443\u0434\u0435\u0442 \u043f\u0435\u0440\u0435\u043d\u0430\u043f\u0440\u0430\u0432\u043b\u0435\u043d \u043d\u0430 \u0430\u043b\u044c\u0442\u0435\u0440\u043d\u0430\u0442\u0438\u0432\u043d\u044b\u0439 \u043c\u0430\u0440\u0448\u0440\u0443\u0442. <strong>K. \u0423\u043b\u0438\u0446\u0430 \u0422\u044e\u0440\u043d\u043f\u0443\u0443<\/strong>, \u041f\u0430\u0441\u0441\u0430\u0436\u0438\u0440\u044b, \u043d\u0430\u043f\u0440\u0430\u0432\u043b\u044f\u044e\u0449\u0438\u0435\u0441\u044f \u043d\u0430 \u0430\u0432\u0442\u043e\u0432\u043e\u043a\u0437\u0430\u043b, \u043c\u043e\u0433\u0443\u0442 \u0432\u044b\u0439\u0442\u0438 \u043d\u0430 \u043e\u0434\u043d\u043e\u0438\u043c\u0435\u043d\u043d\u043e\u0439 \u043e\u0441\u0442\u0430\u043d\u043e\u0432\u043a\u0435. <strong>\u0410\u0432\u0442\u043e\u0431\u0443\u0441\u043d\u0430\u044f \u0441\u0442\u0430\u043d\u0446\u0438\u044f<\/strong>.<\/p>","protected":false},"excerpt":{"rendered":"<p>Lubja t\u00e4nava ja Tartu maantee ristmik on 7. m\u00e4rtsist kuni 31. maini trammitee remondi t\u00f5ttu suletud \u2013 Tallinnasse sisenedes muutub marsruut Bussijaama l\u00e4heduses. Tartu maantee peatus Bussijaam j\u00e4\u00e4b ajutiselt teenindamata. Buss suundub alternatiivsele marsruudile K. T\u00fcrnpuu t\u00e4nava kaudu, kus Bussijaama peatusesse suunduvad s\u00f5itjad saavad v\u00e4ljuda samanimelises peatuses Bussijaam.<\/p>","protected":false},"author":4,"featured_media":4090,"comment_status":"closed","ping_status":"closed","sticky":false,"template":"","format":"standard","meta":{"_acf_changed":false,"footnotes":""},"categories":[2],"tags":[20],"class_list":["post-4333","post","type-post","status-publish","format-standard","has-post-thumbnail","hentry","category-soiduplaanid","tag-harjumaa-pohjasuund"],"acf":[],"publishpress_future_action":{"enabled":false,"date":"2026-05-10 11:45:26","action":"change-status","newStatus":"draft","terms":[],"taxonomy":"category","extraData":[]},"publishpress_future_workflow_manual_trigger":{"enabledWorkflows":[]},"_links":{"self":[{"href":"https:\/\/iil.ee\/ru\/wp-json\/wp\/v2\/posts\/4333","targetHints":{"allow":["GET"]}}],"collection":[{"href":"https:\/\/iil.ee\/ru\/wp-json\/wp\/v2\/posts"}],"about":[{"href":"https:\/\/iil.ee\/ru\/wp-json\/wp\/v2\/types\/post"}],"author":[{"embeddable":true,"href":"https:\/\/iil.ee\/ru\/wp-json\/wp\/v2\/users\/4"}],"replies":[{"embeddable":true,"href":"https:\/\/iil.ee\/ru\/wp-json\/wp\/v2\/comments?post=4333"}],"version-history":[{"count":6,"href":"https:\/\/iil.ee\/ru\/wp-json\/wp\/v2\/posts\/4333\/revisions"}],"predecessor-version":[{"id":4513,"href":"https:\/\/iil.ee\/ru\/wp-json\/wp\/v2\/posts\/4333\/revisions\/4513"}],"wp:featuredmedia":[{"embeddable":true,"href":"https:\/\/iil.ee\/ru\/wp-json\/wp\/v2\/media\/4090"}],"wp:attachment":[{"href":"https:\/\/iil.ee\/ru\/wp-json\/wp\/v2\/media?parent=4333"}],"wp:term":[{"taxonomy":"category","embeddable":true,"href":"https:\/\/iil.ee\/ru\/wp-json\/wp\/v2\/categories?post=4333"},{"taxonomy":"post_tag","embeddable":true,"href":"https:\/\/iil.ee\/ru\/wp-json\/wp\/v2\/tags?post=4333"}],"curies":[{"name":"wp","href":"https:\/\/api.w.org\/{rel}","templated":true}]}}